{"id":443,"date":"2024-09-10T16:33:46","date_gmt":"2024-09-10T14:33:46","guid":{"rendered":"https:\/\/www.martemucci.it\/web\/?p=443"},"modified":"2025-05-02T13:18:09","modified_gmt":"2025-05-02T11:18:09","slug":"festival-delle-opportunita-a-potenza-il-19-settembre-ore-21-presentazione-del-libro-frugal-management-di-alessandro-martemucci","status":"publish","type":"post","link":"https:\/\/www.martemucci.it\/web\/2024\/09\/10\/festival-delle-opportunita-a-potenza-il-19-settembre-ore-21-presentazione-del-libro-frugal-management-di-alessandro-martemucci\/","title":{"rendered":"Festival delle Opportunit\u00e0 a Potenza il 19 settembre ore 21, presentazione del libro &#8220;Frugal Management&#8221; di Alessandro Martemucci"},"content":{"rendered":"\n<p class=\"wp-block-paragraph\"><a href=\"https:\/\/basilicata.federmanager.it\/\">Federmanager Basilicat<\/a><a href=\"https:\/\/basilicata.federmanager.it\/\" target=\"_blank\" rel=\"noreferrer noopener\">a<\/a> presenta un appuntamento speciale in programma per il 19 settembre, che si inserisce nel ricco programma del Festival delle Opportunit\u00e0, il quale si svolger\u00e0 a Potenza dal 17 al 20 settembre. Possibilit\u00e0 irripetibile per esplorare nuove prospettive di crescita e sviluppo, dove chiunque pu\u00f2 entrare in contatto con leader di settore e partecipare a laboratori, incontri e dialoghi. Un&#8217;occasione unica per chi desidera fare la differenza all&#8217;interno del proprio percorso professionale.<\/p>\n\n\n\n<p class=\"wp-block-paragraph\">Alle ore 21:00 del 19 settembre, in Largo Duomo &#8211; Piazza della Terra, ecco quindi l&#8217;opportunit\u00e0 di incontrare l&#8217;autore <a href=\"https:\/\/www.martemucci.it\/\">Alessandro Martemucci<\/a>, che condivider\u00e0 la sua visione sull&#8217;ottimizzazione delle risorse aziendali attraverso la presentazione della sua ultima opera. &#8220;<a href=\"https:\/\/www.frugalmanagement.com\/\" target=\"_blank\" rel=\"noreferrer noopener\">Frugal Management<\/a>&#8221; non \u00e8 solo un libro, ma un vero e proprio manuale per ridurre gli sprechi e promuovere una crescita sostenibile a lungo termine. Discuteremo insieme di come le aziende possano adottare strategie efficaci per migliorare l&#8217;efficienza e il rendimento, senza compromettere la qualit\u00e0.<\/p>\n","protected":false},"excerpt":{"rendered":"<p>Federmanager Basilicata presenta un appuntamento speciale in programma per il 19 settembre, che si inserisce nel ricco programma del Festival delle Opportunit\u00e0, il quale si svolger\u00e0 a Potenza dal 17 al 20 settembre. Possibilit\u00e0 irripetibile per esplorare nuove prospettive di crescita e sviluppo, dove chiunque pu\u00f2 entrare in contatto con leader di settore e partecipare [&hellip;]<\/p>\n","protected":false},"author":1,"featured_media":444,"comment_status":"closed","ping_status":"open","sticky":false,"template":"","format":"standard","meta":{"footnotes":""},"categories":[25,10],"tags":[27,138,139,120,140,144],"class_list":["post-443","post","type-post","status-publish","format-standard","has-post-thumbnail","hentry","category-eventi","category-news","tag-alessandro-martemucci","tag-eventi","tag-festival-delle-opportunita","tag-frugal-management","tag-potenza","tag-presentazione-libro"],"yoast_head":"<!-- This site is optimized with the Yoast SEO plugin v26.7 - https:\/\/yoast.com\/wordpress\/plugins\/seo\/ -->\n<title>Festival delle Opportunit\u00e0: A. Martemucci presenta il suo libro<\/title>\n<meta name=\"description\" content=\"Festival delle Opportunit\u00e0 a Potenza il 19 settembre ore 21, presentazione del libro &quot;Frugal Management&quot; di Alessandro Martemucci.\" \/>\n<meta name=\"robots\" content=\"index, follow, max-snippet:-1, max-image-preview:large, max-video-preview:-1\" \/>\n<link rel=\"canonical\" href=\"https:\/\/www.martemucci.it\/web\/2024\/09\/10\/festival-delle-opportunita-a-potenza-il-19-settembre-ore-21-presentazione-del-libro-frugal-management-di-alessandro-martemucci\/\" \/>\n<meta property=\"og:locale\" content=\"it_IT\" \/>\n<meta property=\"og:type\" content=\"article\" \/>\n<meta property=\"og:title\" content=\"Festival delle Opportunit\u00e0: A. Martemucci presenta il suo libro\" \/>\n<meta property=\"og:description\" content=\"Festival delle Opportunit\u00e0 a Potenza il 19 settembre ore 21, presentazione del libro &quot;Frugal Management&quot; di Alessandro Martemucci.\" \/>\n<meta property=\"og:url\" content=\"https:\/\/www.martemucci.it\/web\/2024\/09\/10\/festival-delle-opportunita-a-potenza-il-19-settembre-ore-21-presentazione-del-libro-frugal-management-di-alessandro-martemucci\/\" \/>\n<meta property=\"og:site_name\" content=\"Alessandro Martemucci - Lean Marketing Manager e Frugal Manager - Official website\" \/>\n<meta property=\"article:published_time\" content=\"2024-09-10T14:33:46+00:00\" \/>\n<meta property=\"article:modified_time\" content=\"2025-05-02T11:18:09+00:00\" \/>\n<meta property=\"og:image\" content=\"https:\/\/www.martemucci.it\/web\/wp-content\/uploads\/2024\/09\/locandina-frugal-management-6.png\" \/>\n\t<meta property=\"og:image:width\" content=\"940\" \/>\n\t<meta property=\"og:image:height\" content=\"788\" \/>\n\t<meta property=\"og:image:type\" content=\"image\/png\" \/>\n<meta name=\"author\" content=\"Admin_Martemucci\" \/>\n<meta name=\"twitter:card\" content=\"summary_large_image\" \/>\n<meta name=\"twitter:label1\" content=\"Scritto da\" \/>\n\t<meta name=\"twitter:data1\" content=\"Admin_Martemucci\" \/>\n\t<meta name=\"twitter:label2\" content=\"Tempo di lettura stimato\" \/>\n\t<meta name=\"twitter:data2\" content=\"2 minuti\" \/>\n<script type=\"application\/ld+json\" class=\"yoast-schema-graph\">{\"@context\":\"https:\/\/schema.org\",\"@graph\":[{\"@type\":\"Article\",\"@id\":\"https:\/\/www.martemucci.it\/web\/2024\/09\/10\/festival-delle-opportunita-a-potenza-il-19-settembre-ore-21-presentazione-del-libro-frugal-management-di-alessandro-martemucci\/#article\",\"isPartOf\":{\"@id\":\"https:\/\/www.martemucci.it\/web\/2024\/09\/10\/festival-delle-opportunita-a-potenza-il-19-settembre-ore-21-presentazione-del-libro-frugal-management-di-alessandro-martemucci\/\"},\"author\":{\"name\":\"Admin_Martemucci\",\"@id\":\"https:\/\/www.martemucci.it\/web\/#\/schema\/person\/d204555a61eecfa7e5713b96b61472df\"},\"headline\":\"Festival delle Opportunit\u00e0 a Potenza il 19 settembre ore 21, presentazione del libro &#8220;Frugal Management&#8221; di Alessandro Martemucci\",\"datePublished\":\"2024-09-10T14:33:46+00:00\",\"dateModified\":\"2025-05-02T11:18:09+00:00\",\"mainEntityOfPage\":{\"@id\":\"https:\/\/www.martemucci.it\/web\/2024\/09\/10\/festival-delle-opportunita-a-potenza-il-19-settembre-ore-21-presentazione-del-libro-frugal-management-di-alessandro-martemucci\/\"},\"wordCount\":166,\"publisher\":{\"@id\":\"https:\/\/www.martemucci.it\/web\/#organization\"},\"image\":{\"@id\":\"https:\/\/www.martemucci.it\/web\/2024\/09\/10\/festival-delle-opportunita-a-potenza-il-19-settembre-ore-21-presentazione-del-libro-frugal-management-di-alessandro-martemucci\/#primaryimage\"},\"thumbnailUrl\":\"https:\/\/www.martemucci.it\/web\/wp-content\/uploads\/2024\/09\/locandina-frugal-management-6.png\",\"keywords\":[\"Alessandro Martemucci\",\"eventi\",\"festival delle Opportunit\u00e0\",\"Frugal Management\",\"Potenza\",\"Presentazione libro\"],\"articleSection\":[\"Eventi\",\"News Flash\"],\"inLanguage\":\"it-IT\"},{\"@type\":\"WebPage\",\"@id\":\"https:\/\/www.martemucci.it\/web\/2024\/09\/10\/festival-delle-opportunita-a-potenza-il-19-settembre-ore-21-presentazione-del-libro-frugal-management-di-alessandro-martemucci\/\",\"url\":\"https:\/\/www.martemucci.it\/web\/2024\/09\/10\/festival-delle-opportunita-a-potenza-il-19-settembre-ore-21-presentazione-del-libro-frugal-management-di-alessandro-martemucci\/\",\"name\":\"Festival delle Opportunit\u00e0: A. Martemucci presenta il suo libro\",\"isPartOf\":{\"@id\":\"https:\/\/www.martemucci.it\/web\/#website\"},\"primaryImageOfPage\":{\"@id\":\"https:\/\/www.martemucci.it\/web\/2024\/09\/10\/festival-delle-opportunita-a-potenza-il-19-settembre-ore-21-presentazione-del-libro-frugal-management-di-alessandro-martemucci\/#primaryimage\"},\"image\":{\"@id\":\"https:\/\/www.martemucci.it\/web\/2024\/09\/10\/festival-delle-opportunita-a-potenza-il-19-settembre-ore-21-presentazione-del-libro-frugal-management-di-alessandro-martemucci\/#primaryimage\"},\"thumbnailUrl\":\"https:\/\/www.martemucci.it\/web\/wp-content\/uploads\/2024\/09\/locandina-frugal-management-6.png\",\"datePublished\":\"2024-09-10T14:33:46+00:00\",\"dateModified\":\"2025-05-02T11:18:09+00:00\",\"description\":\"Festival delle Opportunit\u00e0 a Potenza il 19 settembre ore 21, presentazione del libro \\\"Frugal Management\\\" di Alessandro Martemucci.\",\"breadcrumb\":{\"@id\":\"https:\/\/www.martemucci.it\/web\/2024\/09\/10\/festival-delle-opportunita-a-potenza-il-19-settembre-ore-21-presentazione-del-libro-frugal-management-di-alessandro-martemucci\/#breadcrumb\"},\"inLanguage\":\"it-IT\",\"potentialAction\":[{\"@type\":\"ReadAction\",\"target\":[\"https:\/\/www.martemucci.it\/web\/2024\/09\/10\/festival-delle-opportunita-a-potenza-il-19-settembre-ore-21-presentazione-del-libro-frugal-management-di-alessandro-martemucci\/\"]}]},{\"@type\":\"ImageObject\",\"inLanguage\":\"it-IT\",\"@id\":\"https:\/\/www.martemucci.it\/web\/2024\/09\/10\/festival-delle-opportunita-a-potenza-il-19-settembre-ore-21-presentazione-del-libro-frugal-management-di-alessandro-martemucci\/#primaryimage\",\"url\":\"https:\/\/www.martemucci.it\/web\/wp-content\/uploads\/2024\/09\/locandina-frugal-management-6.png\",\"contentUrl\":\"https:\/\/www.martemucci.it\/web\/wp-content\/uploads\/2024\/09\/locandina-frugal-management-6.png\",\"width\":940,\"height\":788,\"caption\":\"presentazione libro frugal management al festiva delle opportunit\u00e0\"},{\"@type\":\"BreadcrumbList\",\"@id\":\"https:\/\/www.martemucci.it\/web\/2024\/09\/10\/festival-delle-opportunita-a-potenza-il-19-settembre-ore-21-presentazione-del-libro-frugal-management-di-alessandro-martemucci\/#breadcrumb\",\"itemListElement\":[{\"@type\":\"ListItem\",\"position\":1,\"name\":\"Home\",\"item\":\"https:\/\/www.martemucci.it\/web\/\"},{\"@type\":\"ListItem\",\"position\":2,\"name\":\"Festival delle Opportunit\u00e0 a Potenza il 19 settembre ore 21, presentazione del libro &#8220;Frugal Management&#8221; di Alessandro Martemucci\"}]},{\"@type\":\"WebSite\",\"@id\":\"https:\/\/www.martemucci.it\/web\/#website\",\"url\":\"https:\/\/www.martemucci.it\/web\/\",\"name\":\"Alessandro Martemucci - Lean Marketing Manager e Frugal Manager - Official website\",\"description\":\"\",\"publisher\":{\"@id\":\"https:\/\/www.martemucci.it\/web\/#organization\"},\"potentialAction\":[{\"@type\":\"SearchAction\",\"target\":{\"@type\":\"EntryPoint\",\"urlTemplate\":\"https:\/\/www.martemucci.it\/web\/?s={search_term_string}\"},\"query-input\":{\"@type\":\"PropertyValueSpecification\",\"valueRequired\":true,\"valueName\":\"search_term_string\"}}],\"inLanguage\":\"it-IT\"},{\"@type\":\"Organization\",\"@id\":\"https:\/\/www.martemucci.it\/web\/#organization\",\"name\":\"Alessandro Martemucci - Lean Marketing Manager e Frugal Manager - Official website\",\"url\":\"https:\/\/www.martemucci.it\/web\/\",\"logo\":{\"@type\":\"ImageObject\",\"inLanguage\":\"it-IT\",\"@id\":\"https:\/\/www.martemucci.it\/web\/#\/schema\/logo\/image\/\",\"url\":\"https:\/\/www.martemucci.it\/web\/wp-content\/uploads\/2023\/10\/logo-officinae-agenzia-lean-digital-marketing-management-comunicazione-school-scuola-formazione-matera-basilicata-milano.png\",\"contentUrl\":\"https:\/\/www.martemucci.it\/web\/wp-content\/uploads\/2023\/10\/logo-officinae-agenzia-lean-digital-marketing-management-comunicazione-school-scuola-formazione-matera-basilicata-milano.png\",\"width\":400,\"height\":114,\"caption\":\"Alessandro Martemucci - Lean Marketing Manager e Frugal Manager - Official website\"},\"image\":{\"@id\":\"https:\/\/www.martemucci.it\/web\/#\/schema\/logo\/image\/\"}},{\"@type\":\"Person\",\"@id\":\"https:\/\/www.martemucci.it\/web\/#\/schema\/person\/d204555a61eecfa7e5713b96b61472df\",\"name\":\"Admin_Martemucci\",\"image\":{\"@type\":\"ImageObject\",\"inLanguage\":\"it-IT\",\"@id\":\"https:\/\/www.martemucci.it\/web\/#\/schema\/person\/image\/\",\"url\":\"https:\/\/secure.gravatar.com\/avatar\/12323e12845fd7aa52f71113c627e03eaaf2db25f2b471b6b8c47a9f3045c438?s=96&d=mm&r=g\",\"contentUrl\":\"https:\/\/secure.gravatar.com\/avatar\/12323e12845fd7aa52f71113c627e03eaaf2db25f2b471b6b8c47a9f3045c438?s=96&d=mm&r=g\",\"caption\":\"Admin_Martemucci\"},\"sameAs\":[\"https:\/\/www.martemucci.it\/web\"],\"url\":\"https:\/\/www.martemucci.it\/web\/author\/admin_martemucci\/\"}]}<\/script>\n<!-- \/ Yoast SEO plugin. -->","yoast_head_json":{"title":"Festival delle Opportunit\u00e0: A. Martemucci presenta il suo libro","description":"Festival delle Opportunit\u00e0 a Potenza il 19 settembre ore 21, presentazione del libro \"Frugal Management\" di Alessandro Martemucci.","robots":{"index":"index","follow":"follow","max-snippet":"max-snippet:-1","max-image-preview":"max-image-preview:large","max-video-preview":"max-video-preview:-1"},"canonical":"https:\/\/www.martemucci.it\/web\/2024\/09\/10\/festival-delle-opportunita-a-potenza-il-19-settembre-ore-21-presentazione-del-libro-frugal-management-di-alessandro-martemucci\/","og_locale":"it_IT","og_type":"article","og_title":"Festival delle Opportunit\u00e0: A. Martemucci presenta il suo libro","og_description":"Festival delle Opportunit\u00e0 a Potenza il 19 settembre ore 21, presentazione del libro \"Frugal Management\" di Alessandro Martemucci.","og_url":"https:\/\/www.martemucci.it\/web\/2024\/09\/10\/festival-delle-opportunita-a-potenza-il-19-settembre-ore-21-presentazione-del-libro-frugal-management-di-alessandro-martemucci\/","og_site_name":"Alessandro Martemucci - Lean Marketing Manager e Frugal Manager - Official website","article_published_time":"2024-09-10T14:33:46+00:00","article_modified_time":"2025-05-02T11:18:09+00:00","og_image":[{"width":940,"height":788,"url":"https:\/\/www.martemucci.it\/web\/wp-content\/uploads\/2024\/09\/locandina-frugal-management-6.png","type":"image\/png"}],"author":"Admin_Martemucci","twitter_card":"summary_large_image","twitter_misc":{"Scritto da":"Admin_Martemucci","Tempo di lettura stimato":"2 minuti"},"schema":{"@context":"https:\/\/schema.org","@graph":[{"@type":"Article","@id":"https:\/\/www.martemucci.it\/web\/2024\/09\/10\/festival-delle-opportunita-a-potenza-il-19-settembre-ore-21-presentazione-del-libro-frugal-management-di-alessandro-martemucci\/#article","isPartOf":{"@id":"https:\/\/www.martemucci.it\/web\/2024\/09\/10\/festival-delle-opportunita-a-potenza-il-19-settembre-ore-21-presentazione-del-libro-frugal-management-di-alessandro-martemucci\/"},"author":{"name":"Admin_Martemucci","@id":"https:\/\/www.martemucci.it\/web\/#\/schema\/person\/d204555a61eecfa7e5713b96b61472df"},"headline":"Festival delle Opportunit\u00e0 a Potenza il 19 settembre ore 21, presentazione del libro &#8220;Frugal Management&#8221; di Alessandro Martemucci","datePublished":"2024-09-10T14:33:46+00:00","dateModified":"2025-05-02T11:18:09+00:00","mainEntityOfPage":{"@id":"https:\/\/www.martemucci.it\/web\/2024\/09\/10\/festival-delle-opportunita-a-potenza-il-19-settembre-ore-21-presentazione-del-libro-frugal-management-di-alessandro-martemucci\/"},"wordCount":166,"publisher":{"@id":"https:\/\/www.martemucci.it\/web\/#organization"},"image":{"@id":"https:\/\/www.martemucci.it\/web\/2024\/09\/10\/festival-delle-opportunita-a-potenza-il-19-settembre-ore-21-presentazione-del-libro-frugal-management-di-alessandro-martemucci\/#primaryimage"},"thumbnailUrl":"https:\/\/www.martemucci.it\/web\/wp-content\/uploads\/2024\/09\/locandina-frugal-management-6.png","keywords":["Alessandro Martemucci","eventi","festival delle Opportunit\u00e0","Frugal Management","Potenza","Presentazione libro"],"articleSection":["Eventi","News Flash"],"inLanguage":"it-IT"},{"@type":"WebPage","@id":"https:\/\/www.martemucci.it\/web\/2024\/09\/10\/festival-delle-opportunita-a-potenza-il-19-settembre-ore-21-presentazione-del-libro-frugal-management-di-alessandro-martemucci\/","url":"https:\/\/www.martemucci.it\/web\/2024\/09\/10\/festival-delle-opportunita-a-potenza-il-19-settembre-ore-21-presentazione-del-libro-frugal-management-di-alessandro-martemucci\/","name":"Festival delle Opportunit\u00e0: A. Martemucci presenta il suo libro","isPartOf":{"@id":"https:\/\/www.martemucci.it\/web\/#website"},"primaryImageOfPage":{"@id":"https:\/\/www.martemucci.it\/web\/2024\/09\/10\/festival-delle-opportunita-a-potenza-il-19-settembre-ore-21-presentazione-del-libro-frugal-management-di-alessandro-martemucci\/#primaryimage"},"image":{"@id":"https:\/\/www.martemucci.it\/web\/2024\/09\/10\/festival-delle-opportunita-a-potenza-il-19-settembre-ore-21-presentazione-del-libro-frugal-management-di-alessandro-martemucci\/#primaryimage"},"thumbnailUrl":"https:\/\/www.martemucci.it\/web\/wp-content\/uploads\/2024\/09\/locandina-frugal-management-6.png","datePublished":"2024-09-10T14:33:46+00:00","dateModified":"2025-05-02T11:18:09+00:00","description":"Festival delle Opportunit\u00e0 a Potenza il 19 settembre ore 21, presentazione del libro \"Frugal Management\" di Alessandro Martemucci.","breadcrumb":{"@id":"https:\/\/www.martemucci.it\/web\/2024\/09\/10\/festival-delle-opportunita-a-potenza-il-19-settembre-ore-21-presentazione-del-libro-frugal-management-di-alessandro-martemucci\/#breadcrumb"},"inLanguage":"it-IT","potentialAction":[{"@type":"ReadAction","target":["https:\/\/www.martemucci.it\/web\/2024\/09\/10\/festival-delle-opportunita-a-potenza-il-19-settembre-ore-21-presentazione-del-libro-frugal-management-di-alessandro-martemucci\/"]}]},{"@type":"ImageObject","inLanguage":"it-IT","@id":"https:\/\/www.martemucci.it\/web\/2024\/09\/10\/festival-delle-opportunita-a-potenza-il-19-settembre-ore-21-presentazione-del-libro-frugal-management-di-alessandro-martemucci\/#primaryimage","url":"https:\/\/www.martemucci.it\/web\/wp-content\/uploads\/2024\/09\/locandina-frugal-management-6.png","contentUrl":"https:\/\/www.martemucci.it\/web\/wp-content\/uploads\/2024\/09\/locandina-frugal-management-6.png","width":940,"height":788,"caption":"presentazione libro frugal management al festiva delle opportunit\u00e0"},{"@type":"BreadcrumbList","@id":"https:\/\/www.martemucci.it\/web\/2024\/09\/10\/festival-delle-opportunita-a-potenza-il-19-settembre-ore-21-presentazione-del-libro-frugal-management-di-alessandro-martemucci\/#breadcrumb","itemListElement":[{"@type":"ListItem","position":1,"name":"Home","item":"https:\/\/www.martemucci.it\/web\/"},{"@type":"ListItem","position":2,"name":"Festival delle Opportunit\u00e0 a Potenza il 19 settembre ore 21, presentazione del libro &#8220;Frugal Management&#8221; di Alessandro Martemucci"}]},{"@type":"WebSite","@id":"https:\/\/www.martemucci.it\/web\/#website","url":"https:\/\/www.martemucci.it\/web\/","name":"Alessandro Martemucci - Lean Marketing Manager e Frugal Manager - Official website","description":"","publisher":{"@id":"https:\/\/www.martemucci.it\/web\/#organization"},"potentialAction":[{"@type":"SearchAction","target":{"@type":"EntryPoint","urlTemplate":"https:\/\/www.martemucci.it\/web\/?s={search_term_string}"},"query-input":{"@type":"PropertyValueSpecification","valueRequired":true,"valueName":"search_term_string"}}],"inLanguage":"it-IT"},{"@type":"Organization","@id":"https:\/\/www.martemucci.it\/web\/#organization","name":"Alessandro Martemucci - Lean Marketing Manager e Frugal Manager - Official website","url":"https:\/\/www.martemucci.it\/web\/","logo":{"@type":"ImageObject","inLanguage":"it-IT","@id":"https:\/\/www.martemucci.it\/web\/#\/schema\/logo\/image\/","url":"https:\/\/www.martemucci.it\/web\/wp-content\/uploads\/2023\/10\/logo-officinae-agenzia-lean-digital-marketing-management-comunicazione-school-scuola-formazione-matera-basilicata-milano.png","contentUrl":"https:\/\/www.martemucci.it\/web\/wp-content\/uploads\/2023\/10\/logo-officinae-agenzia-lean-digital-marketing-management-comunicazione-school-scuola-formazione-matera-basilicata-milano.png","width":400,"height":114,"caption":"Alessandro Martemucci - Lean Marketing Manager e Frugal Manager - Official website"},"image":{"@id":"https:\/\/www.martemucci.it\/web\/#\/schema\/logo\/image\/"}},{"@type":"Person","@id":"https:\/\/www.martemucci.it\/web\/#\/schema\/person\/d204555a61eecfa7e5713b96b61472df","name":"Admin_Martemucci","image":{"@type":"ImageObject","inLanguage":"it-IT","@id":"https:\/\/www.martemucci.it\/web\/#\/schema\/person\/image\/","url":"https:\/\/secure.gravatar.com\/avatar\/12323e12845fd7aa52f71113c627e03eaaf2db25f2b471b6b8c47a9f3045c438?s=96&d=mm&r=g","contentUrl":"https:\/\/secure.gravatar.com\/avatar\/12323e12845fd7aa52f71113c627e03eaaf2db25f2b471b6b8c47a9f3045c438?s=96&d=mm&r=g","caption":"Admin_Martemucci"},"sameAs":["https:\/\/www.martemucci.it\/web"],"url":"https:\/\/www.martemucci.it\/web\/author\/admin_martemucci\/"}]}},"_links":{"self":[{"href":"https:\/\/www.martemucci.it\/web\/wp-json\/wp\/v2\/posts\/443","targetHints":{"allow":["GET"]}}],"collection":[{"href":"https:\/\/www.martemucci.it\/web\/wp-json\/wp\/v2\/posts"}],"about":[{"href":"https:\/\/www.martemucci.it\/web\/wp-json\/wp\/v2\/types\/post"}],"author":[{"embeddable":true,"href":"https:\/\/www.martemucci.it\/web\/wp-json\/wp\/v2\/users\/1"}],"replies":[{"embeddable":true,"href":"https:\/\/www.martemucci.it\/web\/wp-json\/wp\/v2\/comments?post=443"}],"version-history":[{"count":1,"href":"https:\/\/www.martemucci.it\/web\/wp-json\/wp\/v2\/posts\/443\/revisions"}],"predecessor-version":[{"id":445,"href":"https:\/\/www.martemucci.it\/web\/wp-json\/wp\/v2\/posts\/443\/revisions\/445"}],"wp:featuredmedia":[{"embeddable":true,"href":"https:\/\/www.martemucci.it\/web\/wp-json\/wp\/v2\/media\/444"}],"wp:attachment":[{"href":"https:\/\/www.martemucci.it\/web\/wp-json\/wp\/v2\/media?parent=443"}],"wp:term":[{"taxonomy":"category","embeddable":true,"href":"https:\/\/www.martemucci.it\/web\/wp-json\/wp\/v2\/categories?post=443"},{"taxonomy":"post_tag","embeddable":true,"href":"https:\/\/www.martemucci.it\/web\/wp-json\/wp\/v2\/tags?post=443"}],"curies":[{"name":"wp","href":"https:\/\/api.w.org\/{rel}","templated":true}]}}